{"id":6311,"date":"2026-03-12T12:10:59","date_gmt":"2026-03-12T11:10:59","guid":{"rendered":"https:\/\/sentieroitalia.cai.it\/?p=6311"},"modified":"2026-03-12T12:10:59","modified_gmt":"2026-03-12T11:10:59","slug":"il-cai-a-fa-la-cosa-giusta-2026-la-montagna-come-laboratorio-di-cittadinanza","status":"publish","type":"post","link":"https:\/\/sentieroitalia.cai.it\/de\/news\/il-cai-a-fa-la-cosa-giusta-2026-la-montagna-come-laboratorio-di-cittadinanza\/","title":{"rendered":"Il CAI a Fa\u2019 la cosa giusta! 2026: la montagna come laboratorio di cittadinanza"},"content":{"rendered":"<p><em>Dal 13 al 15 marzo 2026 il Club Alpino Italiano \u00e8 protagonista alla ventiduesima edizione della fiera nazionale del consumo critico a Fiera Milano Rho: tre giorni di incontri, laboratori, presentazioni editoriali e la grande novit\u00e0 dell\u2019Eagle Team.<\/em><\/p>\n<p>Alla vigilia della ventiduesima edizione di Fa\u2019 la cosa giusta!, la pi\u00f9 grande fiera italiana del consumo critico e degli stili di vita sostenibili, il Club Alpino Italiano si conferma tra i protagonisti dell\u2019appuntamento milanese. Tre giornate (venerd\u00ec 13, sabato 14 e domenica 15 marzo 2026) presso la Fiera di Rho, con un programma fitto e una presenza capace di declinare in modo concreto e coerente il tema scelto dagli organizzatori: \u201c<em>Di quante persone abbiamo bisogno? (per cambiare il mondo)<\/em>\u201c.<\/p>\n<p>La risposta del CAI \u00e8 chiara: ne servono tante, di ogni et\u00e0, di ogni provenienza, con competenze diverse ma animate dalla stessa passione per le terre alte. Nella montagna intesa non come sfida solitaria e vetta da conquistare, ma come spazio di crescita, inclusione e sostenibilit\u00e0, il Club porta in fiera i valori che da 163 anni ne guidano l\u2019azione. Allo stand del padiglione 20 (G01-I02) si incontreranno Soci, appassionati, famiglie, insegnanti e giovani alpinisti in un dialogo aperto che attraversa generazioni e discipline.<\/p>\n<p><strong>Il sentiero come metafora: il Sentiero Italia CAI<\/strong><\/p>\n<p>Sabato 14 marzo, alle 10:30, presso lo Stand F55 di Cammini d\u2019Italia, si svolge l\u2019incontro \u201c<em>Sentiero Italia CAI: 8.000 km di passi tra storia e futuro<\/em>\u201c. \u00c8 l\u2019occasione per raccontare il pi\u00f9 lungo itinerario escursionistico al mondo (8.000 chilometri che attraversano l\u2019intera Penisola da nord a sud, dalle Alpi al Mediterraneo) e per aggiornare visitatrici e visitatori sullo stato del percorso, sul nuovo Passaporto del Camminatore e sul nuovo Premio Ambasciatori SICAI.<\/p>\n<p>Allo stand, da sabato, referenti e volontari saranno a disposizione per un gioco che porter\u00e0 i visitatori alla scoperta del Sentiero presso gli stand delle Regioni partner, con gadget e approfondimenti per tutti.<\/p>\n<p><strong>Montagna per tutti: l\u2019accessibilit\u00e0 al centro<\/strong><\/p>\n<p>Sabato 14 marzo alle 14:00, nella Piazza Turismo Lento, verr\u00e0 presentato il nuovo manuale CAI \u201c<em>Escursionismo e accessibilit\u00e0. Buone pratiche per l\u2019autonomia e l\u2019accompagnamento all\u2019aria aperta<\/em>\u201c. Una pubblicazione che rispecchia uno degli impegni pi\u00f9 concreti del Club: rendere la montagna davvero accessibile a tutti, indipendentemente dalle capacit\u00e0 fisiche o dalle condizioni di salute.<\/p>\n<p>Un impegno che trova incarnazione quotidiana nella Struttura Operativa di Accompagnamento Solidale (SODAS), presente allo stand in tutte e tre le giornate: venerd\u00ec mattina (10:00-12:00), sabato in doppia fascia oraria (mattina e pomeriggio) e domenica dalle 9:30. \u00ab<em>Realizzare nuovi manuali \u00e8 nel nostro DNA<\/em>\u00bb ha dichiarato il Presidente Generale Antonio Montani in occasione della conferenza stampa di lancio della fiera: parole che descrivono una cultura organizzativa in cui la produzione di conoscenza e la condivisione di buone pratiche sono parte integrante della missione associativa.<\/p>\n<p><strong>CAI Scuola: le nuove generazioni sulla via della consapevolezza<\/strong><\/p>\n<p>Il venerd\u00ec \u00e8 la giornata pi\u00f9 intensa per CAI Scuola, che porta in fiera il Progetto ERMES 2026 | Educazione e Responsabilit\u00e0 per la Montagna attraverso l\u2019Escursionismo Scolastico. Dalle 10:30 alle 12:00 si svolge il laboratorio \u201c<em>GiochiAMO con lo zaino e\u2026 raccontiamo il LOGO CAI Scuola!<\/em>\u201c, pensato per le fasce pi\u00f9 giovani: guida studentesse e studenti nella simulazione di una escursione: scelta dell\u2019attrezzatura, lettura della carta, uso della bussola, rispetto dell\u2019ambiente. Tutto in coerenza con il Bidecalogo CAI e con il progetto Montagna Pulita-Evviva la borraccia, Liberi dalla plastica.<\/p>\n<p>Nella fascia 12:00-15:00 il laboratorio \u201c<em>In cammino sul sentiero Fa\u2019 La Cosa Giusta, in montagna<\/em>\u201c, un\u2019attivit\u00e0 che intreccia gioco, disegno, lettura e scoperta degli elementi simbolici dell\u2019identit\u00e0 CAI, accompagnata dalle vignette della socia Valeria Vitale Rimoldi e dalle carte-gioco tratte dal volume di Irene Borgna \u201c<em>Fa\u2019 la cosa giusta\u2026 in montagna<\/em>\u201c.<\/p>\n<p>Il sabato, invece, \u00e8 dedicato all\u2019incontro tra CAI Scuola, sezioni lombarde e Struttura Operativa CAI Scuola (SOCS): un momento di confronto e aggiornamento sulle attivit\u00e0 educative in corso, dalle 10:00 alle 12:00 e dalle 15:00 alle 18:00, in saletta dedicata allo stand.<\/p>\n<p>Il team nazionale di CAI Scuola, coordinato da Felicia Cutolo, Angelina Paolantonio, Luisa Lenta, Filippo Di Donato, Monica Boscolo, Manola Terzani e Ciro Nobile, sar\u00e0 disponibile per tutto il weekend per informazioni sul progetto ERMES 2026.<\/p>\n<p><strong>L\u2019arrampicata si mette in mostra<\/strong><\/p>\n<p>Non poteva mancare la parete di arrampicata, da sempre uno degli elementi pi\u00f9 iconici e attrattivi della presenza CAI in fiera. Venerd\u00ec mattina \u00e8 dedicata alle scuole con attivit\u00e0 di avvicinamento alla disciplina; dal pomeriggio e per tutto il sabato e la domenica (sessioni orarie dalle 10:30 alle 17:30, esclusa la pausa pranzo), la palestra \u00e8 aperta a tutti: una finestra sul mondo verticale che attira curiosi di ogni et\u00e0 e offre una prima esperienza dell\u2019alpinismo in ambiente urbano.<\/p>\n<p><strong>La grande novit\u00e0: l\u2019Eagle Team 2026<\/strong><\/p>\n<p>L\u2019appuntamento pi\u00f9 atteso dell\u2019intera tre giorni \u00e8 fissato per domenica 15 marzo alle 10:00, in Piazza Turismo Lento: la presentazione ufficiale della seconda edizione del CAI Eagle Team. Quattordici giovani alpiniste e alpinisti, tra i 18 e i 25 anni, sono stati selezionati dopo un processo rigoroso che ha visto la valutazione curriculare di 40 candidati e le prove pratiche delle Eagle Sessions, testate su roccia, in corsa in salita e su terreno misto.<\/p>\n<p><strong>Il cammino del Vulcano e la narrativa di montagna<\/strong><\/p>\n<p>Venerd\u00ec 13 alle 16:00 e sabato 14 alle 12:00, allo stand, si svolge l\u2019incontro dedicato al Cammino del Vulcano (trekking sul Monte Amiata) a conferma della vocazione del CAI a valorizzare itinerari di territorio su tutta la penisola, anche lontano dalle Alpi.<\/p>\n<p>Il sabato \u00e8 anche giornata di firmacopie: alle 12:00 con Franco Faggiani per \u201c<em>Il Maestro Itinerante<\/em>\u201c, alle 17:00 con Stefano Motta per \u201c<em>Felik<\/em>\u201c. Due voci narrative della letteratura di montagna che trovano in Fa\u2019 la cosa giusta! un pubblico curioso e aperto.<\/p>\n<p><strong>Tre giorni che raccontano chi siamo<\/strong><\/p>\n<p>Guardando al programma nella sua interezza, emerge un ritratto coerente e ricco del CAI contemporaneo. Un\u2019associazione che educa le pi\u00f9 giovani generazioni attraverso il progetto ERMES, che lavora per abbattere le barriere con l\u2019Accompagnamento Solidale, che racconta il territorio italiano attraverso il Sentiero Italia e i cammini d\u2019autore, che lancia verso il futuro dell\u2019alpinismo con l\u2019Eagle Team, che produce cultura attraverso l\u2019editoria.<\/p>\n<p>\u201c<em>Di quante persone abbiamo bisogno per cambiare il mondo?<\/em>\u201d chiede Fa\u2019 la cosa giusta! 2026. Il CAI risponde portando in fiera il proprio mondo: fatto di sentieri, di rifugi, di pareti, di libri, di scuole, di giovani alpiniste e alpinisti pronti a schiudere le ali. Un mondo in cui la montagna, da sempre, insegna che si sale sempre insieme.<\/p>\n","protected":false},"excerpt":{"rendered":"<p>Dal 13 al 15 marzo 2026 il Club Alpino Italiano \u00e8 protagonista alla ventiduesima edizione della fiera nazionale del consumo critico a Fiera Milano Rho: tre giorni di incontri, laboratori, [&hellip;]<\/p>\n","protected":false},"author":9,"featured_media":6313,"comment_status":"closed","ping_status":"closed","sticky":false,"template":"","format":"standard","meta":{"footnotes":""},"categories":[8],"tags":[],"regioni_articoli":[84],"class_list":["post-6311","post","type-post","status-publish","format-standard","has-post-thumbnail","hentry","category-notizie","regioni_articoli-lombardia"],"yoast_head":"<!-- This site is optimized with the Yoast SEO plugin v27.1.1 - https:\/\/yoast.com\/product\/yoast-seo-wordpress\/ -->\n<title>Il CAI a Fa\u2019 la cosa giusta! 2026: la montagna come laboratorio di cittadinanza - Sentiero Italia Cai<\/title>\n<meta name=\"robots\" content=\"index, follow, max-snippet:-1, max-image-preview:large, max-video-preview:-1\" \/>\n<link rel=\"canonical\" href=\"https:\/\/sentieroitalia.cai.it\/news\/il-cai-a-fa-la-cosa-giusta-2026-la-montagna-come-laboratorio-di-cittadinanza\/\" \/>\n<meta property=\"og:locale\" content=\"de_DE\" \/>\n<meta property=\"og:type\" content=\"article\" \/>\n<meta property=\"og:title\" content=\"Il CAI a Fa\u2019 la cosa giusta! 2026: la montagna come laboratorio di cittadinanza - Sentiero Italia Cai\" \/>\n<meta property=\"og:description\" content=\"Dal 13 al 15 marzo 2026 il Club Alpino Italiano \u00e8 protagonista alla ventiduesima edizione della fiera nazionale del consumo critico a Fiera Milano Rho: tre giorni di incontri, laboratori, [&hellip;]\" \/>\n<meta property=\"og:url\" content=\"https:\/\/sentieroitalia.cai.it\/news\/il-cai-a-fa-la-cosa-giusta-2026-la-montagna-come-laboratorio-di-cittadinanza\/\" \/>\n<meta property=\"og:site_name\" content=\"Sentiero Italia Cai\" \/>\n<meta property=\"article:publisher\" content=\"https:\/\/www.facebook.com\/sentieroitaliacai\" \/>\n<meta property=\"article:published_time\" content=\"2026-03-12T11:10:59+00:00\" \/>\n<meta property=\"og:image\" content=\"https:\/\/sentieroitalia.cai.it\/wp-content\/uploads\/2026\/03\/SaveTD_-FLCG-20268_orizzontale.webp\" \/>\n\t<meta property=\"og:image:width\" content=\"1080\" \/>\n\t<meta property=\"og:image:height\" content=\"566\" \/>\n\t<meta property=\"og:image:type\" content=\"image\/webp\" \/>\n<meta name=\"author\" content=\"Rubens Garofalo\" \/>\n<meta name=\"twitter:card\" content=\"summary_large_image\" \/>\n<meta name=\"twitter:label1\" content=\"Verfasst von\" \/>\n\t<meta name=\"twitter:data1\" content=\"Rubens Garofalo\" \/>\n\t<meta name=\"twitter:label2\" content=\"Gesch\u00e4tzte Lesezeit\" \/>\n\t<meta name=\"twitter:data2\" content=\"6\u00a0Minuten\" \/>\n<script type=\"application\/ld+json\" class=\"yoast-schema-graph\">{\"@context\":\"https:\/\/schema.org\",\"@graph\":[{\"@type\":\"Article\",\"@id\":\"https:\/\/sentieroitalia.cai.it\/news\/il-cai-a-fa-la-cosa-giusta-2026-la-montagna-come-laboratorio-di-cittadinanza\/#article\",\"isPartOf\":{\"@id\":\"https:\/\/sentieroitalia.cai.it\/news\/il-cai-a-fa-la-cosa-giusta-2026-la-montagna-come-laboratorio-di-cittadinanza\/\"},\"author\":{\"name\":\"Rubens Garofalo\",\"@id\":\"https:\/\/sentieroitalia.cai.it\/#\/schema\/person\/199a978a1bc633e0b05805a82eac7cd0\"},\"headline\":\"Il CAI a Fa\u2019 la cosa giusta! 2026: la montagna come laboratorio di cittadinanza\",\"datePublished\":\"2026-03-12T11:10:59+00:00\",\"mainEntityOfPage\":{\"@id\":\"https:\/\/sentieroitalia.cai.it\/news\/il-cai-a-fa-la-cosa-giusta-2026-la-montagna-come-laboratorio-di-cittadinanza\/\"},\"wordCount\":1062,\"publisher\":{\"@id\":\"https:\/\/sentieroitalia.cai.it\/#organization\"},\"image\":{\"@id\":\"https:\/\/sentieroitalia.cai.it\/news\/il-cai-a-fa-la-cosa-giusta-2026-la-montagna-come-laboratorio-di-cittadinanza\/#primaryimage\"},\"thumbnailUrl\":\"https:\/\/sentieroitalia.cai.it\/wp-content\/uploads\/2026\/03\/SaveTD_-FLCG-20268_orizzontale.webp\",\"articleSection\":[\"Notizie\"],\"inLanguage\":\"de\"},{\"@type\":\"WebPage\",\"@id\":\"https:\/\/sentieroitalia.cai.it\/news\/il-cai-a-fa-la-cosa-giusta-2026-la-montagna-come-laboratorio-di-cittadinanza\/\",\"url\":\"https:\/\/sentieroitalia.cai.it\/news\/il-cai-a-fa-la-cosa-giusta-2026-la-montagna-come-laboratorio-di-cittadinanza\/\",\"name\":\"Il CAI a Fa\u2019 la cosa giusta! 2026: la montagna come laboratorio di cittadinanza - Sentiero Italia Cai\",\"isPartOf\":{\"@id\":\"https:\/\/sentieroitalia.cai.it\/#website\"},\"primaryImageOfPage\":{\"@id\":\"https:\/\/sentieroitalia.cai.it\/news\/il-cai-a-fa-la-cosa-giusta-2026-la-montagna-come-laboratorio-di-cittadinanza\/#primaryimage\"},\"image\":{\"@id\":\"https:\/\/sentieroitalia.cai.it\/news\/il-cai-a-fa-la-cosa-giusta-2026-la-montagna-come-laboratorio-di-cittadinanza\/#primaryimage\"},\"thumbnailUrl\":\"https:\/\/sentieroitalia.cai.it\/wp-content\/uploads\/2026\/03\/SaveTD_-FLCG-20268_orizzontale.webp\",\"datePublished\":\"2026-03-12T11:10:59+00:00\",\"breadcrumb\":{\"@id\":\"https:\/\/sentieroitalia.cai.it\/news\/il-cai-a-fa-la-cosa-giusta-2026-la-montagna-come-laboratorio-di-cittadinanza\/#breadcrumb\"},\"inLanguage\":\"de\",\"potentialAction\":[{\"@type\":\"ReadAction\",\"target\":[\"https:\/\/sentieroitalia.cai.it\/news\/il-cai-a-fa-la-cosa-giusta-2026-la-montagna-come-laboratorio-di-cittadinanza\/\"]}]},{\"@type\":\"ImageObject\",\"inLanguage\":\"de\",\"@id\":\"https:\/\/sentieroitalia.cai.it\/news\/il-cai-a-fa-la-cosa-giusta-2026-la-montagna-come-laboratorio-di-cittadinanza\/#primaryimage\",\"url\":\"https:\/\/sentieroitalia.cai.it\/wp-content\/uploads\/2026\/03\/SaveTD_-FLCG-20268_orizzontale.webp\",\"contentUrl\":\"https:\/\/sentieroitalia.cai.it\/wp-content\/uploads\/2026\/03\/SaveTD_-FLCG-20268_orizzontale.webp\",\"width\":1080,\"height\":566},{\"@type\":\"BreadcrumbList\",\"@id\":\"https:\/\/sentieroitalia.cai.it\/news\/il-cai-a-fa-la-cosa-giusta-2026-la-montagna-come-laboratorio-di-cittadinanza\/#breadcrumb\",\"itemListElement\":[{\"@type\":\"ListItem\",\"position\":1,\"name\":\"Home\",\"item\":\"https:\/\/sentieroitalia.cai.it\/de\/\"},{\"@type\":\"ListItem\",\"position\":2,\"name\":\"Il CAI a Fa\u2019 la cosa giusta! 2026: la montagna come laboratorio di cittadinanza\"}]},{\"@type\":\"WebSite\",\"@id\":\"https:\/\/sentieroitalia.cai.it\/#website\",\"url\":\"https:\/\/sentieroitalia.cai.it\/\",\"name\":\"Sentiero Italia Cai\",\"description\":\"\",\"publisher\":{\"@id\":\"https:\/\/sentieroitalia.cai.it\/#organization\"},\"potentialAction\":[{\"@type\":\"SearchAction\",\"target\":{\"@type\":\"EntryPoint\",\"urlTemplate\":\"https:\/\/sentieroitalia.cai.it\/?s={search_term_string}\"},\"query-input\":{\"@type\":\"PropertyValueSpecification\",\"valueRequired\":true,\"valueName\":\"search_term_string\"}}],\"inLanguage\":\"de\"},{\"@type\":\"Organization\",\"@id\":\"https:\/\/sentieroitalia.cai.it\/#organization\",\"name\":\"Sentiero Italia Cai\",\"url\":\"https:\/\/sentieroitalia.cai.it\/\",\"logo\":{\"@type\":\"ImageObject\",\"inLanguage\":\"de\",\"@id\":\"https:\/\/sentieroitalia.cai.it\/#\/schema\/logo\/image\/\",\"url\":\"https:\/\/sentieroitalia.cai.it\/wp-content\/uploads\/2021\/09\/cropped-logo-sito.png\",\"contentUrl\":\"https:\/\/sentieroitalia.cai.it\/wp-content\/uploads\/2021\/09\/cropped-logo-sito.png\",\"width\":512,\"height\":512,\"caption\":\"Sentiero Italia Cai\"},\"image\":{\"@id\":\"https:\/\/sentieroitalia.cai.it\/#\/schema\/logo\/image\/\"},\"sameAs\":[\"https:\/\/www.facebook.com\/sentieroitaliacai\",\"https:\/\/www.instagram.com\/sentieroitaliacai\/\",\"https:\/\/youtube.com\/c\/SentieroItaliaCAI\"]},{\"@type\":\"Person\",\"@id\":\"https:\/\/sentieroitalia.cai.it\/#\/schema\/person\/199a978a1bc633e0b05805a82eac7cd0\",\"name\":\"Rubens Garofalo\",\"image\":{\"@type\":\"ImageObject\",\"inLanguage\":\"de\",\"@id\":\"https:\/\/sentieroitalia.cai.it\/#\/schema\/person\/image\/\",\"url\":\"https:\/\/secure.gravatar.com\/avatar\/a8e0e3ffaebada1ebc4246da74217e232c9a2da63447aeb05b57f36c6ad68f58?s=96&d=mm&r=g\",\"contentUrl\":\"https:\/\/secure.gravatar.com\/avatar\/a8e0e3ffaebada1ebc4246da74217e232c9a2da63447aeb05b57f36c6ad68f58?s=96&d=mm&r=g\",\"caption\":\"Rubens Garofalo\"},\"url\":\"https:\/\/sentieroitalia.cai.it\/de\/author\/garofalo\/\"}]}<\/script>\n<!-- \/ Yoast SEO plugin. -->","yoast_head_json":{"title":"Il CAI a Fa\u2019 la cosa giusta! 2026: la montagna come laboratorio di cittadinanza - Sentiero Italia Cai","robots":{"index":"index","follow":"follow","max-snippet":"max-snippet:-1","max-image-preview":"max-image-preview:large","max-video-preview":"max-video-preview:-1"},"canonical":"https:\/\/sentieroitalia.cai.it\/news\/il-cai-a-fa-la-cosa-giusta-2026-la-montagna-come-laboratorio-di-cittadinanza\/","og_locale":"de_DE","og_type":"article","og_title":"Il CAI a Fa\u2019 la cosa giusta! 2026: la montagna come laboratorio di cittadinanza - Sentiero Italia Cai","og_description":"Dal 13 al 15 marzo 2026 il Club Alpino Italiano \u00e8 protagonista alla ventiduesima edizione della fiera nazionale del consumo critico a Fiera Milano Rho: tre giorni di incontri, laboratori, [&hellip;]","og_url":"https:\/\/sentieroitalia.cai.it\/news\/il-cai-a-fa-la-cosa-giusta-2026-la-montagna-come-laboratorio-di-cittadinanza\/","og_site_name":"Sentiero Italia Cai","article_publisher":"https:\/\/www.facebook.com\/sentieroitaliacai","article_published_time":"2026-03-12T11:10:59+00:00","og_image":[{"width":1080,"height":566,"url":"https:\/\/sentieroitalia.cai.it\/wp-content\/uploads\/2026\/03\/SaveTD_-FLCG-20268_orizzontale.webp","type":"image\/webp"}],"author":"Rubens Garofalo","twitter_card":"summary_large_image","twitter_misc":{"Verfasst von":"Rubens Garofalo","Gesch\u00e4tzte Lesezeit":"6\u00a0Minuten"},"schema":{"@context":"https:\/\/schema.org","@graph":[{"@type":"Article","@id":"https:\/\/sentieroitalia.cai.it\/news\/il-cai-a-fa-la-cosa-giusta-2026-la-montagna-come-laboratorio-di-cittadinanza\/#article","isPartOf":{"@id":"https:\/\/sentieroitalia.cai.it\/news\/il-cai-a-fa-la-cosa-giusta-2026-la-montagna-come-laboratorio-di-cittadinanza\/"},"author":{"name":"Rubens Garofalo","@id":"https:\/\/sentieroitalia.cai.it\/#\/schema\/person\/199a978a1bc633e0b05805a82eac7cd0"},"headline":"Il CAI a Fa\u2019 la cosa giusta! 2026: la montagna come laboratorio di cittadinanza","datePublished":"2026-03-12T11:10:59+00:00","mainEntityOfPage":{"@id":"https:\/\/sentieroitalia.cai.it\/news\/il-cai-a-fa-la-cosa-giusta-2026-la-montagna-come-laboratorio-di-cittadinanza\/"},"wordCount":1062,"publisher":{"@id":"https:\/\/sentieroitalia.cai.it\/#organization"},"image":{"@id":"https:\/\/sentieroitalia.cai.it\/news\/il-cai-a-fa-la-cosa-giusta-2026-la-montagna-come-laboratorio-di-cittadinanza\/#primaryimage"},"thumbnailUrl":"https:\/\/sentieroitalia.cai.it\/wp-content\/uploads\/2026\/03\/SaveTD_-FLCG-20268_orizzontale.webp","articleSection":["Notizie"],"inLanguage":"de"},{"@type":"WebPage","@id":"https:\/\/sentieroitalia.cai.it\/news\/il-cai-a-fa-la-cosa-giusta-2026-la-montagna-come-laboratorio-di-cittadinanza\/","url":"https:\/\/sentieroitalia.cai.it\/news\/il-cai-a-fa-la-cosa-giusta-2026-la-montagna-come-laboratorio-di-cittadinanza\/","name":"Il CAI a Fa\u2019 la cosa giusta! 2026: la montagna come laboratorio di cittadinanza - Sentiero Italia Cai","isPartOf":{"@id":"https:\/\/sentieroitalia.cai.it\/#website"},"primaryImageOfPage":{"@id":"https:\/\/sentieroitalia.cai.it\/news\/il-cai-a-fa-la-cosa-giusta-2026-la-montagna-come-laboratorio-di-cittadinanza\/#primaryimage"},"image":{"@id":"https:\/\/sentieroitalia.cai.it\/news\/il-cai-a-fa-la-cosa-giusta-2026-la-montagna-come-laboratorio-di-cittadinanza\/#primaryimage"},"thumbnailUrl":"https:\/\/sentieroitalia.cai.it\/wp-content\/uploads\/2026\/03\/SaveTD_-FLCG-20268_orizzontale.webp","datePublished":"2026-03-12T11:10:59+00:00","breadcrumb":{"@id":"https:\/\/sentieroitalia.cai.it\/news\/il-cai-a-fa-la-cosa-giusta-2026-la-montagna-come-laboratorio-di-cittadinanza\/#breadcrumb"},"inLanguage":"de","potentialAction":[{"@type":"ReadAction","target":["https:\/\/sentieroitalia.cai.it\/news\/il-cai-a-fa-la-cosa-giusta-2026-la-montagna-come-laboratorio-di-cittadinanza\/"]}]},{"@type":"ImageObject","inLanguage":"de","@id":"https:\/\/sentieroitalia.cai.it\/news\/il-cai-a-fa-la-cosa-giusta-2026-la-montagna-come-laboratorio-di-cittadinanza\/#primaryimage","url":"https:\/\/sentieroitalia.cai.it\/wp-content\/uploads\/2026\/03\/SaveTD_-FLCG-20268_orizzontale.webp","contentUrl":"https:\/\/sentieroitalia.cai.it\/wp-content\/uploads\/2026\/03\/SaveTD_-FLCG-20268_orizzontale.webp","width":1080,"height":566},{"@type":"BreadcrumbList","@id":"https:\/\/sentieroitalia.cai.it\/news\/il-cai-a-fa-la-cosa-giusta-2026-la-montagna-come-laboratorio-di-cittadinanza\/#breadcrumb","itemListElement":[{"@type":"ListItem","position":1,"name":"Home","item":"https:\/\/sentieroitalia.cai.it\/de\/"},{"@type":"ListItem","position":2,"name":"Il CAI a Fa\u2019 la cosa giusta! 2026: la montagna come laboratorio di cittadinanza"}]},{"@type":"WebSite","@id":"https:\/\/sentieroitalia.cai.it\/#website","url":"https:\/\/sentieroitalia.cai.it\/","name":"Sentiero Italia Cai","description":"","publisher":{"@id":"https:\/\/sentieroitalia.cai.it\/#organization"},"potentialAction":[{"@type":"SearchAction","target":{"@type":"EntryPoint","urlTemplate":"https:\/\/sentieroitalia.cai.it\/?s={search_term_string}"},"query-input":{"@type":"PropertyValueSpecification","valueRequired":true,"valueName":"search_term_string"}}],"inLanguage":"de"},{"@type":"Organization","@id":"https:\/\/sentieroitalia.cai.it\/#organization","name":"Sentiero Italia Cai","url":"https:\/\/sentieroitalia.cai.it\/","logo":{"@type":"ImageObject","inLanguage":"de","@id":"https:\/\/sentieroitalia.cai.it\/#\/schema\/logo\/image\/","url":"https:\/\/sentieroitalia.cai.it\/wp-content\/uploads\/2021\/09\/cropped-logo-sito.png","contentUrl":"https:\/\/sentieroitalia.cai.it\/wp-content\/uploads\/2021\/09\/cropped-logo-sito.png","width":512,"height":512,"caption":"Sentiero Italia Cai"},"image":{"@id":"https:\/\/sentieroitalia.cai.it\/#\/schema\/logo\/image\/"},"sameAs":["https:\/\/www.facebook.com\/sentieroitaliacai","https:\/\/www.instagram.com\/sentieroitaliacai\/","https:\/\/youtube.com\/c\/SentieroItaliaCAI"]},{"@type":"Person","@id":"https:\/\/sentieroitalia.cai.it\/#\/schema\/person\/199a978a1bc633e0b05805a82eac7cd0","name":"Rubens Garofalo","image":{"@type":"ImageObject","inLanguage":"de","@id":"https:\/\/sentieroitalia.cai.it\/#\/schema\/person\/image\/","url":"https:\/\/secure.gravatar.com\/avatar\/a8e0e3ffaebada1ebc4246da74217e232c9a2da63447aeb05b57f36c6ad68f58?s=96&d=mm&r=g","contentUrl":"https:\/\/secure.gravatar.com\/avatar\/a8e0e3ffaebada1ebc4246da74217e232c9a2da63447aeb05b57f36c6ad68f58?s=96&d=mm&r=g","caption":"Rubens Garofalo"},"url":"https:\/\/sentieroitalia.cai.it\/de\/author\/garofalo\/"}]}},"_links":{"self":[{"href":"https:\/\/sentieroitalia.cai.it\/de\/wp-json\/wp\/v2\/posts\/6311","targetHints":{"allow":["GET"]}}],"collection":[{"href":"https:\/\/sentieroitalia.cai.it\/de\/wp-json\/wp\/v2\/posts"}],"about":[{"href":"https:\/\/sentieroitalia.cai.it\/de\/wp-json\/wp\/v2\/types\/post"}],"author":[{"embeddable":true,"href":"https:\/\/sentieroitalia.cai.it\/de\/wp-json\/wp\/v2\/users\/9"}],"replies":[{"embeddable":true,"href":"https:\/\/sentieroitalia.cai.it\/de\/wp-json\/wp\/v2\/comments?post=6311"}],"version-history":[{"count":2,"href":"https:\/\/sentieroitalia.cai.it\/de\/wp-json\/wp\/v2\/posts\/6311\/revisions"}],"predecessor-version":[{"id":6381,"href":"https:\/\/sentieroitalia.cai.it\/de\/wp-json\/wp\/v2\/posts\/6311\/revisions\/6381"}],"wp:featuredmedia":[{"embeddable":true,"href":"https:\/\/sentieroitalia.cai.it\/de\/wp-json\/wp\/v2\/media\/6313"}],"wp:attachment":[{"href":"https:\/\/sentieroitalia.cai.it\/de\/wp-json\/wp\/v2\/media?parent=6311"}],"wp:term":[{"taxonomy":"category","embeddable":true,"href":"https:\/\/sentieroitalia.cai.it\/de\/wp-json\/wp\/v2\/categories?post=6311"},{"taxonomy":"post_tag","embeddable":true,"href":"https:\/\/sentieroitalia.cai.it\/de\/wp-json\/wp\/v2\/tags?post=6311"},{"taxonomy":"regioni_articoli","embeddable":true,"href":"https:\/\/sentieroitalia.cai.it\/de\/wp-json\/wp\/v2\/regioni_articoli?post=6311"}],"curies":[{"name":"wp","href":"https:\/\/api.w.org\/{rel}","templated":true}]}}